{"id":42,"date":"2022-07-06T12:45:39","date_gmt":"2022-07-06T12:45:39","guid":{"rendered":"https:\/\/ciadanzavinculados.com\/danza-accesible\/?p=42"},"modified":"2022-07-06T12:45:39","modified_gmt":"2022-07-06T12:45:39","slug":"no-hay-tres-sin-dos-espectaculo-danza","status":"publish","type":"post","link":"https:\/\/ciadanzavinculados.com\/danza-accesible\/2022\/07\/06\/no-hay-tres-sin-dos-espectaculo-danza\/","title":{"rendered":"No hay tres sin dos. Espect\u00e1culo danza."},"content":{"rendered":"\n<p>Una experiencia muy hermosa ver bailar a Jazm\u00edn e Irene con el resto de la compa\u00f1\u00eda.<br>Oir la danza. Bailar sin verla.<\/p>\n\n\n\n<figure class=\"wp-block-embed is-type-video is-provider-youtube wp-block-embed-youtube wp-embed-aspect-16-9 wp-has-aspect-ratio\"><div class=\"wp-block-embed__wrapper\">\n<iframe loading=\"lazy\" title=\"VER Y BAILAR LA DANZA SIN VERLA ( No hay tres sin dos)_Fragmento\" width=\"500\" height=\"281\" src=\"https:\/\/www.youtube.com\/embed\/LExlsGZYk8k?feature=oembed\" frameborder=\"0\" allow=\"accelerometer; autoplay; clipboard-write; encrypted-media; gyroscope; picture-in-picture; web-share\" referrerpolicy=\"strict-origin-when-cross-origin\" allowfullscreen><\/iframe>\n<\/div><\/figure>\n","protected":false},"excerpt":{"rendered":"<p>Una experiencia muy hermosa ver bailar a Jazm\u00edn e Irene con el resto de la compa\u00f1\u00eda.Oir la danza. Bailar sin verla.<\/p>\n","protected":false},"author":2,"featured_media":0,"comment_status":"open","ping_status":"open","sticky":false,"template":"","format":"standard","meta":{"footnotes":""},"categories":[1],"tags":[],"class_list":["post-42","post","type-post","status-publish","format-standard","hentry","category-sin-categoria"],"_links":{"self":[{"href":"https:\/\/ciadanzavinculados.com\/danza-accesible\/wp-json\/wp\/v2\/posts\/42","targetHints":{"allow":["GET"]}}],"collection":[{"href":"https:\/\/ciadanzavinculados.com\/danza-accesible\/wp-json\/wp\/v2\/posts"}],"about":[{"href":"https:\/\/ciadanzavinculados.com\/danza-accesible\/wp-json\/wp\/v2\/types\/post"}],"author":[{"embeddable":true,"href":"https:\/\/ciadanzavinculados.com\/danza-accesible\/wp-json\/wp\/v2\/users\/2"}],"replies":[{"embeddable":true,"href":"https:\/\/ciadanzavinculados.com\/danza-accesible\/wp-json\/wp\/v2\/comments?post=42"}],"version-history":[{"count":1,"href":"https:\/\/ciadanzavinculados.com\/danza-accesible\/wp-json\/wp\/v2\/posts\/42\/revisions"}],"predecessor-version":[{"id":43,"href":"https:\/\/ciadanzavinculados.com\/danza-accesible\/wp-json\/wp\/v2\/posts\/42\/revisions\/43"}],"wp:attachment":[{"href":"https:\/\/ciadanzavinculados.com\/danza-accesible\/wp-json\/wp\/v2\/media?parent=42"}],"wp:term":[{"taxonomy":"category","embeddable":true,"href":"https:\/\/ciadanzavinculados.com\/danza-accesible\/wp-json\/wp\/v2\/categories?post=42"},{"taxonomy":"post_tag","embeddable":true,"href":"https:\/\/ciadanzavinculados.com\/danza-accesible\/wp-json\/wp\/v2\/tags?post=42"}],"curies":[{"name":"wp","href":"https:\/\/api.w.org\/{rel}","templated":true}]}}